{"id":1274,"date":"2026-03-15T11:53:12","date_gmt":"2026-03-15T10:53:12","guid":{"rendered":"https:\/\/perfectio-die-finanzmakler.de\/blog\/?p=1274"},"modified":"2026-03-15T11:53:15","modified_gmt":"2026-03-15T10:53:15","slug":"wuerttembergische-versicherung-oeffentlicher-dienst","status":"publish","type":"post","link":"https:\/\/perfectio-die-finanzmakler.de\/blog\/wuerttembergische-versicherung-oeffentlicher-dienst\/","title":{"rendered":"W\u00fcrttembergische Versicherung \u00f6ffentlicher Dienst 2026 \u2013 lohnt sich das?"},"content":{"rendered":"\n<p><strong>W\u00fcrttembergische Versicherung \u00f6ffentlicher Dienst<\/strong> ist f\u00fcr viele Beamte und Tarifbesch\u00e4ftigte immer noch ein Begriff, der Vertrauen schafft. Seit Jahrzehnten geh\u00f6rt die W\u00fcrttembergische zu den gro\u00dfen Namen, wenn es um Diensthaftpflicht, Amtshaftpflicht, Unfallversicherung oder Dienstunf\u00e4higkeit geht. In diesem Beitrag zeige ich dir ausf\u00fchrlich, was die W\u00fcrttembergische 2026 wirklich leistet, wo sie stark ist, wo sie schw\u00e4chelt und ob sie f\u00fcr dich noch die beste Wahl ist \u2013 oder ob ein Wechsel mehr bringt.<\/p>\n\n\n\n<h2 class=\"wp-block-heading\">Historie &amp; Vertrauen bei Beamten<\/h2>\n\n\n\n<p>Die W\u00fcrttembergische hat im \u00f6ffentlichen Dienst eine sehr lange Tradition. Viele Dienstherren (Bund, L\u00e4nder, Kommunen) haben seit den 80er\/90er Jahren Rahmen- und Gruppenvertr\u00e4ge mit ihr abgeschlossen. Das f\u00fchrte dazu, dass Generationen von Beamten automatisch oder sehr g\u00fcnstig bei der W\u00fcrttembergischen landeten \u2013 oft ohne gro\u00dfe Gesundheitspr\u00fcfung. Dieser Vertrauensvorschuss wirkt bis heute nach. Viele bleiben aus Gewohnheit oder weil \u201edie W\u00fcrttembergische ja immer gut war\u201c.<\/p>\n\n\n\n<h2 class=\"wp-block-heading\">St\u00e4rken der W\u00fcrttembergischen im \u00f6ffentlichen Dienst 2026<\/h2>\n\n\n\n<ul class=\"wp-block-list\">\n<li><strong>Diensthaftpflicht<\/strong>: 10\u201350 Mio. \u20ac Deckung, meist inkl. Schl\u00fcsselverlust, Mietsachsch\u00e4den, Abwehr unberechtigter Anspr\u00fcche<\/li>\n\n\n\n<li><strong>Amtshaftpflicht<\/strong>: Speziell f\u00fcr Beamte, sehr gute Annahmepolitik, oft ohne Gesundheitsfragen bei Gruppenvertr\u00e4gen<\/li>\n\n\n\n<li><strong>Dienstunf\u00e4higkeitsversicherung<\/strong>: H\u00e4ufig mit echter DU-Klausel (Beitragsbefreiung bei Dienstunf\u00e4higkeit), lebenslange Leistung m\u00f6glich<\/li>\n\n\n\n<li><strong>Unfallversicherung<\/strong>: Hohe Progression (bis 500\u2013700 %), Beitragsr\u00fcckgew\u00e4hr-Varianten verf\u00fcgbar<\/li>\n\n\n\n<li><strong>Gruppenkonditionen<\/strong>: Viele Tarife \u00fcber Dienstherren deutlich g\u00fcnstiger als Einzelvertr\u00e4ge<\/li>\n\n\n\n<li><strong>Schadensregulierung<\/strong>: Bekannt f\u00fcr relativ schnelle und faire Bearbeitung<\/li>\n<\/ul>\n\n\n\n<h2 class=\"wp-block-heading\">Schw\u00e4chen &amp; Kritikpunkte 2026<\/h2>\n\n\n\n<ul class=\"wp-block-list\">\n<li><strong>Zahnzusatz &amp; Zahnersatz<\/strong>: Oft teurer als Allianz MeinZahnschutz 100, Ottonova oder Debeka \u2013 Erstattung und Summenbegrenzung schw\u00e4cher<\/li>\n\n\n\n<li><strong>Beitragsentwicklung<\/strong>: In den letzten 5\u20137 Jahren st\u00e4rker gestiegen als bei vielen Wettbewerbern<\/li>\n\n\n\n<li><strong>Digitale Services<\/strong>: App und Online-Portal hinken deutlich hinter Ottonova, Feather oder Allianz her<\/li>\n\n\n\n<li><strong>Privathaftpflicht pur<\/strong>: Hier schneiden Debeka, HDI oder CosmosDirekt meist g\u00fcnstiger und leistungsst\u00e4rker ab<\/li>\n\n\n\n<li><strong>Summenbegrenzung in den ersten Jahren<\/strong>: Manche Tarife haben 4-Jahres-Grenzen von nur 4.000\u20136.000 \u20ac \u2013 zu niedrig bei Zahnersatz<\/li>\n<\/ul>\n\n\n<div class=\"wp-block-image\">\n<figure class=\"aligncenter size-large\"><img loading=\"lazy\" decoding=\"async\" width=\"1024\" height=\"722\" src=\"https:\/\/perfectio-die-finanzmakler.de\/blog\/wp-content\/uploads\/2026\/01\/2-1-1024x722.png\" alt=\"W\u00fcrttembergische Versicherung \u00f6ffentlicher Dienst\" class=\"wp-image-1275\" title=\"W\u00fcrttembergische Versicherung \u00f6ffentlicher Dienst\" srcset=\"https:\/\/perfectio-die-finanzmakler.de\/blog\/wp-content\/uploads\/2026\/01\/2-1-1024x722.png 1024w, https:\/\/perfectio-die-finanzmakler.de\/blog\/wp-content\/uploads\/2026\/01\/2-1-300x212.png 300w, https:\/\/perfectio-die-finanzmakler.de\/blog\/wp-content\/uploads\/2026\/01\/2-1-768x541.png 768w, https:\/\/perfectio-die-finanzmakler.de\/blog\/wp-content\/uploads\/2026\/01\/2-1-1536x1083.png 1536w, https:\/\/perfectio-die-finanzmakler.de\/blog\/wp-content\/uploads\/2026\/01\/2-1.png 2000w\" sizes=\"auto, (max-width: 1024px) 100vw, 1024px\" \/><\/figure>\n<\/div>\n\n\n<h2 class=\"wp-block-heading\">Kostenbeispiele 2026 (realistische Werte)<\/h2>\n\n\n\n<ul class=\"wp-block-list\">\n<li><strong>Diensthaftpflicht (Beamter, 35 J.)<\/strong>: 45\u201375 \u20ac\/Jahr<\/li>\n\n\n\n<li><strong>Amtshaftpflicht<\/strong>: 55\u2013100 \u20ac\/Jahr<\/li>\n\n\n\n<li><strong>Unfallversicherung (50.000 \u20ac Invalidit\u00e4t, 350 % Progression)<\/strong>: 130\u2013240 \u20ac\/Jahr<\/li>\n\n\n\n<li><strong>Dienstunf\u00e4higkeit (1.500 \u20ac Rente, bis 67)<\/strong>: 65\u2013150 \u20ac\/Monat<\/li>\n\n\n\n<li><strong>Zahnzusatz (70 % Beihilfe)<\/strong>: 18\u201335 \u20ac\/Monat (teurer als Debeka)<\/li>\n<\/ul>\n\n\n\n<h2 class=\"wp-block-heading\">Wann lohnt sich die W\u00fcrttembergische noch?<\/h2>\n\n\n\n<ul class=\"wp-block-list\">\n<li>Du bist bereits \u00fcber einen Gruppenvertrag versichert \u2192 oft unschlagbar g\u00fcnstig<\/li>\n\n\n\n<li>Du suchst eine reine Amtshaftpflicht oder Dienstunf\u00e4higkeit mit DU-Klausel<\/li>\n\n\n\n<li>Du willst einen Anbieter mit sehr guter Schadensregulierung und langj\u00e4hriger Erfahrung<\/li>\n\n\n\n<li>Du magst klassische Versicherer mit pers\u00f6nlichem Au\u00dfendienst<\/li>\n<\/ul>\n\n\n\n<h2 class=\"wp-block-heading\">Wann solltest du wechseln?<\/h2>\n\n\n\n<ul class=\"wp-block-list\">\n<li>Du brauchst starken Zahnersatz oder Kieferorthop\u00e4die f\u00fcr Kinder \u2192 Allianz, Debeka, Barmenia meist besser<\/li>\n\n\n\n<li>Du willst die g\u00fcnstigste Privathaftpflicht \u2192 Debeka, HDI, CosmosDirekt oft 20\u201340 \u20ac g\u00fcnstiger<\/li>\n\n\n\n<li>Du legst Wert auf moderne App &amp; digitale Verwaltung \u2192 Ottonova oder Feather sind \u00fcberlegen<\/li>\n\n\n\n<li>Dein Vertrag l\u00e4uft aus oder hat hohe Beitragserh\u00f6hung bekommen \u2192 Wechsel spart oft 30\u201360 \u20ac\/Jahr<\/li>\n<\/ul>\n\n\n\n<h2 class=\"wp-block-heading\">Fazit: W\u00fcrttembergische Versicherung \u00f6ffentlicher Dienst 2026<\/h2>\n\n\n\n<p>Die <a href=\"https:\/\/www.wuerttembergische.de\/?_gl=1*rlf6id*_up*MQ..*_gs*MQ..&amp;gclid=Cj0KCQiAprLLBhCMARIsAEDhdPcxMf6zpDIa-XtIrNhWUdJ-ny6_3pUNHpmUqrgNVdSL-xW6qcwcOm0aAqF1EALw_wcB&amp;gbraid=0AAAAADOOcAGVYQDySMTiJM0W6kX2biOzC\" target=\"_blank\" rel=\"noopener\">W\u00fcrttembergische<\/a> ist solide, vertrauensvoll und f\u00fcr viele Beamte immer noch eine gute Adresse \u2013 besonders bei Amtshaftpflicht und Dienstunf\u00e4higkeit. Dank langer Tradition und vieler Gruppenvertr\u00e4ge ist sie oft g\u00fcnstig und unkompliziert.<\/p>\n\n\n\n<p>Gleichzeitig hat sie in den letzten Jahren bei Zahnzusatz, Beitragsstabilit\u00e4t und digitaler Ausstattung an Boden verloren. 2026 ist sie nicht mehr automatisch die Nr. 1 \u2013 ein unabh\u00e4ngiger Vergleich zeigt dir meist, ob du bei der W\u00fcrttembergischen bleibst oder 20\u201350 % sparen kannst, ohne Leistung einzub\u00fc\u00dfen.<\/p>\n\n\n\n<p>Wenn du m\u00f6chtest, vergleichen wir deine bestehenden Vertr\u00e4ge kostenlos und schauen, ob ein Wechsel oder eine Optimierung 2026 f\u00fcr dich Sinn macht \u2013 ganz unverbindlich und ohne Druck.<\/p>\n\n\n\n<p>Ruf uns einfach an: <strong>0351 259 974 22<\/strong><br>oder buch dir hier direkt einen Termin:<br><a href=\"https:\/\/perfectio-die-finanzmakler.de\/kontakt\">Kostenloses Gespr\u00e4ch vereinbaren<\/a><\/p>\n","protected":false},"excerpt":{"rendered":"<p>W\u00fcrttembergische Versicherung \u00f6ffentlicher Dienst ist f\u00fcr viele Beamte und Tarifbesch\u00e4ftigte immer noch ein Begriff, der Vertrauen schafft. Seit Jahrzehnten geh\u00f6rt die W\u00fcrttembergische zu den gro\u00dfen Namen, wenn es um Diensthaftpflicht, Amtshaftpflicht, Unfallversicherung oder Dienstunf\u00e4higkeit geht. In diesem Beitrag zeige ich dir ausf\u00fchrlich, was die W\u00fcrttembergische 2026 wirklich leistet, wo sie stark ist, wo sie schw\u00e4chelt [&hellip;]<\/p>\n","protected":false},"author":5,"featured_media":1276,"comment_status":"closed","ping_status":"closed","sticky":false,"template":"","format":"standard","meta":{"footnotes":""},"categories":[1],"tags":[],"class_list":["post-1274","post","type-post","status-publish","format-standard","has-post-thumbnail","hentry","category-faq"],"_links":{"self":[{"href":"https:\/\/perfectio-die-finanzmakler.de\/blog\/wp-json\/wp\/v2\/posts\/1274","targetHints":{"allow":["GET"]}}],"collection":[{"href":"https:\/\/perfectio-die-finanzmakler.de\/blog\/wp-json\/wp\/v2\/posts"}],"about":[{"href":"https:\/\/perfectio-die-finanzmakler.de\/blog\/wp-json\/wp\/v2\/types\/post"}],"author":[{"embeddable":true,"href":"https:\/\/perfectio-die-finanzmakler.de\/blog\/wp-json\/wp\/v2\/users\/5"}],"replies":[{"embeddable":true,"href":"https:\/\/perfectio-die-finanzmakler.de\/blog\/wp-json\/wp\/v2\/comments?post=1274"}],"version-history":[{"count":2,"href":"https:\/\/perfectio-die-finanzmakler.de\/blog\/wp-json\/wp\/v2\/posts\/1274\/revisions"}],"predecessor-version":[{"id":1278,"href":"https:\/\/perfectio-die-finanzmakler.de\/blog\/wp-json\/wp\/v2\/posts\/1274\/revisions\/1278"}],"wp:featuredmedia":[{"embeddable":true,"href":"https:\/\/perfectio-die-finanzmakler.de\/blog\/wp-json\/wp\/v2\/media\/1276"}],"wp:attachment":[{"href":"https:\/\/perfectio-die-finanzmakler.de\/blog\/wp-json\/wp\/v2\/media?parent=1274"}],"wp:term":[{"taxonomy":"category","embeddable":true,"href":"https:\/\/perfectio-die-finanzmakler.de\/blog\/wp-json\/wp\/v2\/categories?post=1274"},{"taxonomy":"post_tag","embeddable":true,"href":"https:\/\/perfectio-die-finanzmakler.de\/blog\/wp-json\/wp\/v2\/tags?post=1274"}],"curies":[{"name":"wp","href":"https:\/\/api.w.org\/{rel}","templated":true}]}}